{"id":1988,"date":"2019-06-20T11:00:43","date_gmt":"2019-06-20T09:00:43","guid":{"rendered":"https:\/\/www.clinicasdentalestetic.com\/?p=1988"},"modified":"2019-06-24T13:28:09","modified_gmt":"2019-06-24T11:28:09","slug":"que-problema-soluciona-la-carilla-dental-que-son-clinica-dental-badajoz","status":"publish","type":"post","link":"https:\/\/www.clinicasdentalestetic.com\/que-problema-soluciona-la-carilla-dental-que-son-clinica-dental-badajoz\/","title":{"rendered":"\u00bfQu\u00e9 son  las carillas dentales?\u00bfQu\u00e9 problema solucionan?  Cl\u00ednica Dental Badajoz"},"content":{"rendered":"<h2>\u00bfProblemas en la forma, color o textura de un diente?<\/h2>\n<p><span style=\"font-weight: 400;\">Las carillas dentales principalmente ponen soluci\u00f3n a problemas de est\u00e9tica del tipo, textura, color o forma del diente. Tambi\u00e9n se utiliza para cerrar espacios entre los dientes que no hacen contacto para recuperar la mordida.<\/span><\/p>\n<p><span style=\"font-weight: 400;\">Las carillas dentales son peque\u00f1as l\u00e1minas finas adheridas a tus dientes que se utilizan para cubrir los desperfectos que estos puedan tener e igualarlo al resto de piezas dentales en cuanto a color y forma.<\/span><\/p>\n<p><span style=\"font-weight: 400;\">En Cl\u00ednicas Dental Estetic Badajoz, disponemos de dos tipos de materiales que nos aseguran el mejor acabado, composite y porcelana. <\/span><\/p>\n<p><span style=\"font-weight: 400;\">La <strong>carilla dental de composite<\/strong>, se trata de una carilla hecha de una resina que se amolda perfectamente a la forma a tu dentadura para dar un resultado de naturalidad en cuanto a forma y color.<\/span><\/p>\n<p><span style=\"font-weight: 400;\">La <strong>carilla dental hecha de porcelana<\/strong>, se realiza a trav\u00e9s de un molde resultado de la valoraci\u00f3n de nuestro odont\u00f3logo y los resultados del modelo 3d de su dentadura. Una vez confeccionada la pieza, el odont\u00f3logo la colocar\u00e1 en su dentadura acopl\u00e1ndose en forma y color al resto<\/span><\/p>\n<p><span style=\"font-weight: 400;\">Cuando se colocan las carillas dentales, dependiendo del material, el especialista debe preparar el diente para la colocaci\u00f3n de la carilla. Esto requiere corregir el aspecto natural del diente para superponer una nueva pieza que adaptaremos a la dentadura. <\/span><\/p>\n<p><span style=\"font-weight: 400;\">Este tipo de tratamiento,<strong> es duradero<\/strong> y por supuesto, debe ir acompa\u00f1ado del consejo de nuestros odont\u00f3logos. <strong>La duraci\u00f3n depende del tipo de material escogido<\/strong>, normalmente las carillas de porcelana tienen mayor duraci\u00f3n que las de composite Las carillas dentales siempre se pueden quitar o renovar si no nos convencen o se han deteriorado con el tiempo. <\/span><\/p>\n<p><span style=\"font-weight: 400;\">Con el consumo de determinados alimentos y h\u00e1bitos como el tabaco, beber caf\u00e9 o tomar el t\u00e9, nuestros dientes van perdiendo su tono natural debido a los pigmentos de otros alimentos que dan un tono m\u00e1s amarillento a nuestra dentadura.<\/span><\/p>\n<p><span style=\"font-weight: 400;\">En Cl\u00ednicas Dental Estetic Badajoz, ahora dispones de<strong> Primera visita, diagn\u00f3stico y <a href=\"https:\/\/www.clinicasdentalestetic.com\/tac-dental-3d-gratis-con-tu-tratamiento-que-es-y-que-ventajas-tiene\/\" target=\"_blank\" rel=\"noopener\">TAC Dental gratis<\/a><\/strong> para que puedas revisar el estado de tu dentadura y poner remedio al malestar en tu boca o mejorarla est\u00e9ticamente. <\/span><\/p>\n<p><span style=\"font-weight: 400;\">Nuestro equipo de expertos le atender\u00e1 llamando al (+34) 924 101 018 para Badajoz o al (+34) 924 189 180 si est\u00e1 en M\u00e9rida. Tambi\u00e9n puede solicitar informaci\u00f3n a trav\u00e9s del siguiente formulario:<\/span><\/p>\n\n                <div class='gf_browser_gecko gform_wrapper' id='gform_wrapper_5' ><form method='post' enctype='multipart\/form-data'  id='gform_5'  action='\/rest\/wp\/v2\/posts\/1988'>\n                        <div class='gform_body'><ul id='gform_fields_5' class='gform_fields top_label form_sublabel_below description_below'><li id='field_5_16' class='gfield gfield_html gfield_html_formatted gfield_no_follows_desc field_sublabel_below field_description_below gfield_visibility_visible' ><style>\n.gfield_label {font-size:80%!important;}\n#field_5_14 .gfield_label {display:none;}\n.gform_footer {text-align:center;}\n<\/style><\/li><li id='field_5_1' class='gfield gf_left_third gfield_contains_required field_sublabel_below field_description_below gfield_visibility_visible' ><label class='gfield_label' for='input_5_1' >Nombre y Apellido<span class='gfield_required'>*<\/span><\/label><div class='ginput_container ginput_container_text'><input name='input_1' id='input_5_1' type='text' value='' class='large'  tabindex='1'   aria-required=\"true\" aria-invalid=\"false\" \/><\/div><\/li><li id='field_5_29' class='gfield gf_middle_third gfield_contains_required field_sublabel_below field_description_below gfield_visibility_visible' ><label class='gfield_label' for='input_5_29' >Quiero...<span class='gfield_required'>*<\/span><\/label><div class='ginput_container ginput_container_select'><select name='input_29' id='input_5_29'  class='large gfield_select' tabindex='2'  aria-required=\"true\" aria-invalid=\"false\"><option value='' selected='selected'>Elige una opci\u00f3n, por favor<\/option><option value='Pedir cita' >Pedir cita<\/option><option value='Hacer una consulta' >Hacer una consulta<\/option><\/select><\/div><\/li><li id='field_5_30' class='gfield gf_right_third gfield_contains_required field_sublabel_below field_description_below gfield_visibility_visible' ><label class='gfield_label' for='input_5_30' >A la Cl\u00ednica de...<span class='gfield_required'>*<\/span><\/label><div class='ginput_container ginput_container_select'><select name='input_30' id='input_5_30'  class='large gfield_select' tabindex='3'  aria-required=\"true\" aria-invalid=\"false\"><option value='' selected='selected'>Elige una opci\u00f3n, por favor<\/option><option value='Badajoz' >Badajoz<\/option><option value='M\u00e9rida' >M\u00e9rida<\/option><option value='Getafe' >Getafe<\/option><\/select><\/div><\/li><li id='field_5_5' class='gfield gf_left_half gfield_contains_required field_sublabel_below field_description_below gfield_visibility_visible' ><label class='gfield_label' for='input_5_5' >Email<span class='gfield_required'>*<\/span><\/label><div class='ginput_container ginput_container_email'>\n                            <input name='input_5' id='input_5_5' type='text' value='' class='large' tabindex='4'   \/>\n                        <\/div><\/li><li id='field_5_28' class='gfield gf_right_half gfield_contains_required field_sublabel_below field_description_below gfield_visibility_visible' ><label class='gfield_label' for='input_5_28' >Tel\u00e9fono<span class='gfield_required'>*<\/span><\/label><div class='ginput_container ginput_container_text'><input name='input_28' id='input_5_28' type='text' value='' class='large'  tabindex='5'   aria-required=\"true\" aria-invalid=\"false\" \/><\/div><\/li><li id='field_5_27' class='gfield gfield_contains_required field_sublabel_below field_description_below gfield_visibility_visible' ><label class='gfield_label' for='input_5_27' >Comentarios \/ Fecha Cita<span class='gfield_required'>*<\/span><\/label><div class='ginput_container ginput_container_textarea'><textarea name='input_27' id='input_5_27' class='textarea small' tabindex='6'   aria-required=\"true\" aria-invalid=\"false\"   rows='10' cols='50'><\/textarea><\/div><\/li><li id='field_5_15' class='gfield gf_right_half gfield_html gfield_html_formatted gfield_no_follows_desc field_sublabel_below field_description_below gfield_visibility_visible' >\t<div id=\"politica\"\n\t     class=\"lightbox-by-id lightbox-content mfp-hide lightbox-white \"\n\t     style=\"max-width:600px ;padding:20px\">\n\t\t\n<h2 class=\"alt-font margen\">Pol\u00edtica de Privacidad<\/h2>\n<h3>1. INFORMACI\u00d3N AL USUARIO<\/h3>\n<p>Emericuiness, S.L., en adelante RESPONSABLE, es el Responsable del tratamiento de los datos personales del Usuario y le informa que estos datos ser\u00e1n tratados de conformidad con lo dispuesto en el Reglamento (UE) 2016\/679 de 27 de abril de 2016 (GDPR) relativo a la protecci\u00f3n de las personas f\u00edsicas en lo que respecta al tratamiento de datos personales y a la libre circulaci\u00f3n de estos datos, por lo que se le facilita la siguiente informaci\u00f3n del tratamiento:<\/p>\n<p><strong>Fin del tratamiento:<\/strong> mantener una relaci\u00f3n comercial con el Usuario. Las operaciones previstas para realizar el tratamiento son:<\/p>\n<ul>\n  <li>Remisi\u00f3n de comunicaciones comerciales publicitarias por email, fax, SMS, MMS, comunidades sociales o cualquier otro medio electr\u00f3nico o f\u00edsico, presente o futuro, que posibilite realizar comunicaciones comerciales. Estas comunicaciones ser\u00e1n realizadas por el RESPONSABLE y relacionadas sobre sus productos y servicios, o de sus colaboradores o proveedores con los que \u00e9ste haya alcanzado alg\u00fan acuerdo de promoci\u00f3n. En este caso, los terceros nunca tendr\u00e1n acceso a los datos personales.<\/li>\n  <li>Realizar estudios estad\u00edsticos.<\/li>\n  <li>Tramitar encargos, solicitudes o cualquier tipo de petici\u00f3n que sea realizada por el usuario a trav\u00e9s de cualquiera de las formas de contacto que se ponen a su disposici\u00f3n.<\/li>\n  <li>Remitir el bolet\u00edn de noticias de la p\u00e1gina web.<\/li>\n<\/ul>\n<p><strong>Criterios de conservaci\u00f3n de los datos:<\/strong> se conservar\u00e1n mientras exista un inter\u00e9s mutuo para mantener el fin del tratamiento y cuando ya no sea necesario para tal fin, se suprimir\u00e1n con medidas de seguridad adecuadas para garantizar la seudonimizaci\u00f3n de los datos o la destrucci\u00f3n total de los mismos.<\/p>\n<p><strong>Comunicaci\u00f3n de los datos:<\/strong> No se comunicar\u00e1n los datos a terceros, salvo obligaci\u00f3n legal.<\/p>\n<p><strong>Derechos que asisten al Usuario:<\/strong><\/p>\n<ul>\n  <li>Derecho a retirar el consentimiento en cualquier momento.<\/li>\n  <li>Derecho de acceso, rectificaci\u00f3n, portabilidad y supresi\u00f3n de sus datos y a la limitaci\u00f3n u oposici\u00f3n al su tratamiento.<\/li>\n  <li>Derecho a presentar una reclamaci\u00f3n ante la autoridad de control (agpd.es) si considera que el tratamiento no se ajusta a la normativa vigente.<\/li>\n<\/ul>\n<p><strong>Datos de contacto para ejercer sus derechos:<\/strong><\/p>\n<p>Direcci\u00f3n postal: Emericuiness, S.L. C\/ Servero Ochoa, N\u00ba 26. 06800 M\u00e9rida. Email: <a href=\"mailto:info@clinicasdentalestetic.com\">info@clinicasdentalestetic.com<\/a><\/p>\n<h3>2. CAR\u00c1CTER OBLIGATORIO O FACULTATIVO DE LA INFORMACI\u00d3N FACILITADA POR EL USUARIO<\/h3>\n<p>Los Usuarios, mediante la marcaci\u00f3n de las casillas correspondientes y entrada de datos en los campos, marcados con un asterisco (*) en el formulario de contacto o presentados en formularios de descarga, aceptan expresamente y de forma libre e inequ\u00edvoca, que sus datos son necesarios para atender su petici\u00f3n, por parte del prestador, siendo voluntaria la inclusi\u00f3n de datos en los campos restantes. El Usuario garantiza que los datos personales facilitados al RESPONSABLE son veraces y<br>\n  se hace responsable de comunicar cualquier modificaci\u00f3n de los mismos.<\/p>\n<p>El RESPONSABLE informa y garantiza expresamente a los usuarios que sus datos personales no ser\u00e1n cedidos en ning\u00fan caso a terceros, y que siempre que realizara alg\u00fan tipo de cesi\u00f3n de datos personales, se pedir\u00e1 previamente el consentimiento expreso, informado e inequ\u00edvoco por parte los Usuarios. Todos los datos solicitados a trav\u00e9s del sitio web son obligatorios, ya que son necesarios para la prestaci\u00f3n de un servicio \u00f3ptimo al Usuario. En caso de que no sean facilitados todos los datos, no se garantiza que la informaci\u00f3n y servicios facilitados sean completamente ajustados a sus necesidades.<\/p>\n<h3>3. MEDIDAS DE SEGURIDAD<\/h3>\n<p>Que de conformidad con lo dispuesto en las normativas vigentes en protecci\u00f3n de datos personales, el RESPONSABLE est\u00e1 cumpliendo con todas las disposiciones de las normativas GDPR para el tratamiento de los datos personales de su responsabilidad, y manifiestamente con los principios descritos en el art\u00edculo 5 del GDPR, por los cuales son tratados de manera l\u00edcita, leal y transparente en relaci\u00f3n con el interesado y adecuados, pertinentes y limitados a lo necesario en relaci\u00f3n con los fines para los que son tratados.<\/p>\n<p>El RESPONSABLE garantiza que ha implementado pol\u00edticas t\u00e9cnicas y organizativas apropiadas para aplicar las medidas de seguridad que establecen el GDPR con el fin de proteger los derechos y libertades de los Usuarios y les ha comunicado la informaci\u00f3n adecuada para que puedan ejercerlos.<\/p>\n<h2>CONSENTIMIENTO PARA EL TRATAMIENTO DE DATOS PERSONALES<\/h2>\n<p><strong>Emericuiness, S.L.<\/strong> es el Responsable del tratamiento de los datos personales del Usuario y le informa que estos datos ser\u00e1n tratados de conformidad con lo dispuesto en el Reglamento (UE) 2016\/679 de 27 de abril de 2016 (GDPR), por lo que se le facilita la siguiente informaci\u00f3n del tratamiento:<\/p>\n<p><strong>Fin del tratamiento:<\/strong> mantener una relaci\u00f3n comercial y el env\u00edo de comunicaciones sobre nuestros productos y servicios.<\/p>\n<p><strong>Criterios de conservaci\u00f3n de los datos:<\/strong> se conservar\u00e1n mientras exista un inter\u00e9s mutuo para mantener el fin del tratamiento y cuando ya no sea necesario para tal fin, se suprimir\u00e1n con medidas de seguridad adecuadas para garantizar la seudonimizaci\u00f3n de los datos o la destrucci\u00f3n total de los mismos.<\/p>\n<p><strong>Comunicaci\u00f3n de los datos: <\/strong> No se comunicar\u00e1n los datos a terceros, salvo obligaci\u00f3n legal.<\/p>\n<p><strong>Derechos que asisten al Usuario: <\/strong><\/p>\n<ul>\n  <li>Derecho a retirar el consentimiento en cualquier momento.<\/li>\n  <li>Derecho de acceso, rectificaci\u00f3n, portabilidad y supresi\u00f3n de sus datos y a la limitaci\u00f3n u oposici\u00f3n al su tratamiento.<\/li>\n  <li>Derecho a presentar una reclamaci\u00f3n ante la Autoridad de control (agpd.es) si considera que el tratamiento no se ajusta a la normativa vigente.<\/li>\n<\/ul>\n<p><strong>Datos de contacto para ejercer sus derechos:<\/strong><\/p>\n<p>Direcci\u00f3n postal: Emericuiness, S.L. C\/ Servero Ochoa, N\u00ba 26. 06800 M\u00e9rida. Email: <a href=\"mailto:info@clinicasdentalestetic.com\">info@clinicasdentalestetic.com<\/a><\/p>\n<p>Para continuar usted debe aceptar que ha le\u00eddo y est\u00e1 conforme con la cl\u00e1usula anterior.<\/p>\n\t<\/div>\n\t\n\t<\/li><li id='field_5_14' class='gfield gfield_contains_required field_sublabel_below field_description_below gfield_visibility_visible' ><label class='gfield_label'  ><span class='gfield_required'>*<\/span><\/label><div class='ginput_container ginput_container_checkbox'><ul class='gfield_checkbox' id='input_5_14'><li class='gchoice_5_14_1'>\n\t\t\t\t\t\t\t\t<input name='input_14.1' type='checkbox'  value='He le\u00eddo y acepto la &lt;a href=&quot;#politica&quot;&gt;pol\u00edtica de privacidad&lt;\/a&gt;'  id='choice_5_14_1' tabindex='7'  \/>\n\t\t\t\t\t\t\t\t<label for='choice_5_14_1' id='label_5_14_1'>He le\u00eddo y acepto la <a href=\"#politica\">pol\u00edtica de privacidad<\/a><\/label>\n\t\t\t\t\t\t\t<\/li><\/ul><\/div><\/li><li id='field_5_31' class='gfield field_sublabel_below field_description_below gfield_visibility_visible' ><label class='gfield_label' for='input_5_31' >CAPTCHA<\/label><div id='input_5_31' class='ginput_container ginput_recaptcha' data-sitekey='6LfWfoMrAAAAAPWboosUBU2quoqkJlopOH7aRaVM'  data-theme='light' ><\/div><\/li>\n                            <\/ul><\/div>\n        <div class='gform_footer top_label'> <input type='submit' id='gform_submit_button_5' class='gform_button button' value='Enviar' tabindex='8' onclick='if(window[\"gf_submitting_5\"]){return false;}  window[\"gf_submitting_5\"]=true;  ' onkeypress='if( event.keyCode == 13 ){ if(window[\"gf_submitting_5\"]){return false;} window[\"gf_submitting_5\"]=true;  jQuery(\"#gform_5\").trigger(\"submit\",[true]); }' \/> \n            <input type='hidden' class='gform_hidden' name='is_submit_5' value='1' \/>\n            <input type='hidden' class='gform_hidden' name='gform_submit' value='5' \/>\n            \n            <input type='hidden' class='gform_hidden' name='gform_unique_id' value='' \/>\n            <input type='hidden' class='gform_hidden' name='state_5' value='WyJbXSIsIjRlMzgxYmEyZjRmMjk3ZjJmNDVkOWUyYzQ2ZGFmOGJhIl0=' \/>\n            <input type='hidden' class='gform_hidden' name='gform_target_page_number_5' id='gform_target_page_number_5' value='0' \/>\n            <input type='hidden' class='gform_hidden' name='gform_source_page_number_5' id='gform_source_page_number_5' value='1' \/>\n            <input type='hidden' name='gform_field_values' value='' \/>\n            \n        <\/div>\n                        <\/form>\n                        <\/div><script type='text\/javascript'> if(typeof gf_global == 'undefined') var gf_global = {\"gf_currency_config\":{\"name\":\"Euro\",\"symbol_left\":\"\",\"symbol_right\":\"&#8364;\",\"symbol_padding\":\" \",\"thousand_separator\":\".\",\"decimal_separator\":\",\",\"decimals\":2},\"base_url\":\"https:\\\/\\\/www.clinicasdentalestetic.com\\\/inc\\\/plugins\\\/gravityforms\",\"number_formats\":[],\"spinnerUrl\":\"https:\\\/\\\/www.clinicasdentalestetic.com\\\/inc\\\/plugins\\\/gravityforms\\\/images\\\/spinner.gif\"};jQuery(document).bind('gform_post_render', function(event, formId, currentPage){if(formId == 5) {jQuery('#input_5_27').textareaCount(    {    'maxCharacterSize': 200,    'originalStyle': 'ginput_counter',\t 'truncate': true,\t 'errorStyle' : '',    'displayFormat' : '#input de #max caracteres m\u00e1ximos'    } );} } );jQuery(document).bind('gform_post_conditional_logic', function(event, formId, fields, isInit){} );<\/script><script type='text\/javascript'> jQuery(document).ready(function(){jQuery(document).trigger('gform_post_render', [5, 1]) } ); <\/script>\n","protected":false},"excerpt":{"rendered":"<p>\u00bfProblemas en la forma, color o textura de un diente? Las carillas dentales principalmente ponen soluci\u00f3n a problemas de est\u00e9tica del tipo, textura, color o forma del diente. Tambi\u00e9n se utiliza para cerrar espacios entre los dientes que no hacen contacto para recuperar la mordida. Las carillas dentales son peque\u00f1as l\u00e1minas finas adheridas a tus [&#8230;]\n","protected":false},"author":4,"featured_media":1989,"comment_status":"closed","ping_status":"closed","sticky":false,"template":"","format":"standard","meta":{"footnotes":""},"categories":[1],"tags":[],"yst_prominent_words":[802,803,807,423,782,808,790,846,801,830,805,831,804,800,793,806,845,792,794,847],"_links":{"self":[{"href":"https:\/\/www.clinicasdentalestetic.com\/rest\/wp\/v2\/posts\/1988"}],"collection":[{"href":"https:\/\/www.clinicasdentalestetic.com\/rest\/wp\/v2\/posts"}],"about":[{"href":"https:\/\/www.clinicasdentalestetic.com\/rest\/wp\/v2\/types\/post"}],"author":[{"embeddable":true,"href":"https:\/\/www.clinicasdentalestetic.com\/rest\/wp\/v2\/users\/4"}],"replies":[{"embeddable":true,"href":"https:\/\/www.clinicasdentalestetic.com\/rest\/wp\/v2\/comments?post=1988"}],"version-history":[{"count":5,"href":"https:\/\/www.clinicasdentalestetic.com\/rest\/wp\/v2\/posts\/1988\/revisions"}],"predecessor-version":[{"id":1994,"href":"https:\/\/www.clinicasdentalestetic.com\/rest\/wp\/v2\/posts\/1988\/revisions\/1994"}],"wp:featuredmedia":[{"embeddable":true,"href":"https:\/\/www.clinicasdentalestetic.com\/rest\/wp\/v2\/media\/1989"}],"wp:attachment":[{"href":"https:\/\/www.clinicasdentalestetic.com\/rest\/wp\/v2\/media?parent=1988"}],"wp:term":[{"taxonomy":"category","embeddable":true,"href":"https:\/\/www.clinicasdentalestetic.com\/rest\/wp\/v2\/categories?post=1988"},{"taxonomy":"post_tag","embeddable":true,"href":"https:\/\/www.clinicasdentalestetic.com\/rest\/wp\/v2\/tags?post=1988"},{"taxonomy":"yst_prominent_words","embeddable":true,"href":"https:\/\/www.clinicasdentalestetic.com\/rest\/wp\/v2\/yst_prominent_words?post=1988"}],"curies":[{"name":"wp","href":"https:\/\/api.w.org\/{rel}","templated":true}]}}